{"id":296,"date":"2007-11-28T09:57:20","date_gmt":"2007-11-28T17:57:20","guid":{"rendered":"http:\/\/www.austinat.de\/blog\/?p=296"},"modified":"2007-11-28T09:57:20","modified_gmt":"2007-11-28T17:57:20","slug":"was-wird-jetzt-aus-mohammed-ali","status":"publish","type":"post","link":"https:\/\/www.austinat.de\/blog\/archives\/296","title":{"rendered":"Was wird jetzt aus Mohammed Ali?"},"content":{"rendered":"<blockquote><p>Die 54 Jahre alte P\u00e4dagogin [Gillian Gibbons] wurde heute der Volksverhetzung und der \u00f6ffentlich gezeigten Geringsch\u00e4tzung f\u00fcr religi\u00f6se Belange angeklagt, wie die sudanesische Nachrichtenagentur Suna meldete. Das britische Au\u00dfenministerium reagierte umgehend. (&#8230;)<\/p>\n<p>Gillian Gibbons war am Sonntag festgenommen worden, nachdem sich angeblich Eltern \u00fcber das Klassenmaskottchen, einen Teddyb\u00e4ren namens Mohammed, beschwert hatten.<\/p>\n<p>Die Justiz des afrikanischen Landes, in dem der Islam Staatsreligion ist, erkennt in dem Namen des Pl\u00fcschtieres eine Verunglimpfung des Propheten.<\/p>\n<p>Zuletzt hatte noch ein siebenj\u00e4hriger Sch\u00fcler namens Mohammed erkl\u00e4rt, er habe sich gew\u00fcnscht, dass der Teddy seinen Namen trage. &#8220;Die Lehrerin hat mich gefragt, wie ich den Teddy nennen will&#8221;, sagte Mohammed vor Journalisten in der sudanesischen Hauptstadt Khartum. &#8220;Ich sagte Mohammed. Ich habe ihn nach mir benannt.&#8221;<\/p>\n<p>Die Lehrerin habe mit ihren Sch\u00fclern nie \u00fcber Religion gesprochen, verteidigte der Junge seine Lehrerin. Die Mehrheit der Grundsch\u00fcler hatte sich f\u00fcr das Klassenmaskottchen, einen Teddyb\u00e4r, den Namen Mohammed gew\u00fcnscht, hie\u00df es bisher. So inszenierte Gillian Gibbons eine kleine Zeremonie im Klassenzimmer der englischen Privatschule Unity High School im islamisch dominierten Khartum, bei der das Stofftier auf den Namen des Propheten getauft wurde.<\/p>\n<p>Als die Eltern der Kinder davon erfuhren, sollen sie sich beim Bildungsministerium beschwert haben. Daraufhin wurde die P\u00e4dagogin verhaftet. Ihr drohen 40 Peitschenhiebe und eine Haftstrafe von bis zu sechs Monaten. Die Schule ist vorerst bis Ende Januar geschlossen &#8211; aus Angst vor fanatischen Angriffen.<\/p><\/blockquote>\n<p>\n(Quelle: <a href=\"http:\/\/www.spiegel.de\/panorama\/justiz\/0,1518,520249,00.html\">Spiegel.de<\/a>)<\/p>\n","protected":false},"excerpt":{"rendered":"<p>Die 54 Jahre alte P\u00e4dagogin [Gillian Gibbons] wurde heute der Volksverhetzung und der \u00f6ffentlich gezeigten Geringsch\u00e4tzung f\u00fcr religi\u00f6se Belange angeklagt, wie die sudanesische Nachrichtenagentur Suna meldete. Das britische Au\u00dfenministerium reagierte umgehend. (&#8230;) Gillian Gibbons war am Sonntag festgenommen worden, nachdem sich angeblich Eltern \u00fcber das Klassenmaskottchen, einen Teddyb\u00e4ren namens Mohammed, beschwert hatten. Die Justiz des [&hellip;]<\/p>\n","protected":false},"author":1,"featured_media":0,"comment_status":"open","ping_status":"open","sticky":false,"template":"","format":"standard","meta":{"jetpack_post_was_ever_published":false,"_jetpack_newsletter_access":"","_jetpack_dont_email_post_to_subs":false,"_jetpack_newsletter_tier_id":0,"_jetpack_memberships_contains_paywalled_content":false,"_jetpack_memberships_contains_paid_content":false,"footnotes":"","jetpack_publicize_message":"","jetpack_publicize_feature_enabled":true,"jetpack_social_post_already_shared":false,"jetpack_social_options":{"image_generator_settings":{"template":"highway","default_image_id":0,"font":"","enabled":false},"version":2}},"categories":[35],"tags":[],"class_list":["post-296","post","type-post","status-publish","format-standard","hentry","category-glaubensfreiheit"],"jetpack_publicize_connections":[],"jetpack_featured_media_url":"","jetpack_sharing_enabled":true,"jetpack_shortlink":"https:\/\/wp.me\/p56p0i-4M","_links":{"self":[{"href":"https:\/\/www.austinat.de\/blog\/wp-json\/wp\/v2\/posts\/296","targetHints":{"allow":["GET"]}}],"collection":[{"href":"https:\/\/www.austinat.de\/blog\/wp-json\/wp\/v2\/posts"}],"about":[{"href":"https:\/\/www.austinat.de\/blog\/wp-json\/wp\/v2\/types\/post"}],"author":[{"embeddable":true,"href":"https:\/\/www.austinat.de\/blog\/wp-json\/wp\/v2\/users\/1"}],"replies":[{"embeddable":true,"href":"https:\/\/www.austinat.de\/blog\/wp-json\/wp\/v2\/comments?post=296"}],"version-history":[{"count":0,"href":"https:\/\/www.austinat.de\/blog\/wp-json\/wp\/v2\/posts\/296\/revisions"}],"wp:attachment":[{"href":"https:\/\/www.austinat.de\/blog\/wp-json\/wp\/v2\/media?parent=296"}],"wp:term":[{"taxonomy":"category","embeddable":true,"href":"https:\/\/www.austinat.de\/blog\/wp-json\/wp\/v2\/categories?post=296"},{"taxonomy":"post_tag","embeddable":true,"href":"https:\/\/www.austinat.de\/blog\/wp-json\/wp\/v2\/tags?post=296"}],"curies":[{"name":"wp","href":"https:\/\/api.w.org\/{rel}","templated":true}]}}