{"id":722,"date":"2009-02-07T17:25:37","date_gmt":"2009-02-08T01:25:37","guid":{"rendered":"http:\/\/www.austinat.de\/blog\/?p=722"},"modified":"2009-02-07T17:27:25","modified_gmt":"2009-02-08T01:27:25","slug":"the-hoods-going-down","status":"publish","type":"post","link":"https:\/\/www.austinat.de\/blog\/archives\/722","title":{"rendered":"The hood&#8217;s going down"},"content":{"rendered":"<p>Ich mag Ver\u00e4nderungen. Was mich allerdings grimmig stimmt, sind Neuigkeiten, die mir gestern abend ein Mit-Eink\u00e4ufer bei Cala Foods erz\u00e4hlte. Der Supermarkt, gerade mal zwei Bl\u00f6cke von meiner Wohnung entfernt, soll geschlossen werden. So neu, so bekannt, davon sprechen alle Nachbarn schon seit Jahren. Doch schon in sechs Monaten soll es soweit sein. <\/p>\n<p>Nicht nur, dass ich dann keinen halbwegs erschwinglichen Supermarkt mehr in Gehweite habe &#8211; dort werden neue Eigentumswohnungen hochgezogen. Richtig, Eigentumswohnungen gibt es hier ja noch nicht genug. Und wer es sich erlauben kann, in San Francisco zu wohnen, der wird ja bittesch\u00f6n auch Geld f\u00fcr einen Garagenstellplatz mitbringen, damit er die Eink\u00e4ufe aus den Fl\u00e4chenm\u00e4rkten au\u00dferhalb der Stadt bequem entladen kann. Nur bl\u00f6d, wenn man gar kein Auto besitzt.<\/p>\n<p>Ebenfalls in Gefahr ist mein geliebter RiteAid-Drogeriemarkt. Er soll angeblich von Konkurrent Walgreens \u00fcbernommen werden, wobei Walgreens nur wenige Bl\u00f6cke entfernt zwei weitere Filialen unterh\u00e4lt. Worauf die Nummer hinausl\u00e4uft, kann man sich denken.<\/p>\n<p>San Francisco mutiert in meinen Augen immer mehr zu einer Art Vergn\u00fcgungspark. Wer Geld hat, der lebt hier herrlich und in Freuden, alle anderen ziehen doch bitte in die Vororte. Mal sehen, wann hier nur noch kinderlose Paare, Singles und reiche Rentner wohnen.<\/p>\n","protected":false},"excerpt":{"rendered":"<p>Ich mag Ver\u00e4nderungen. Was mich allerdings grimmig stimmt, sind Neuigkeiten, die mir gestern abend ein Mit-Eink\u00e4ufer bei Cala Foods erz\u00e4hlte. Der Supermarkt, gerade mal zwei Bl\u00f6cke von meiner Wohnung entfernt, soll geschlossen werden. So neu, so bekannt, davon sprechen alle Nachbarn schon seit Jahren. Doch schon in sechs Monaten soll es soweit sein. Nicht nur, [&hellip;]<\/p>\n","protected":false},"author":1,"featured_media":0,"comment_status":"open","ping_status":"open","sticky":false,"template":"","format":"standard","meta":{"jetpack_post_was_ever_published":false,"_jetpack_newsletter_access":"","_jetpack_dont_email_post_to_subs":false,"_jetpack_newsletter_tier_id":0,"_jetpack_memberships_contains_paywalled_content":false,"_jetpack_memberships_contains_paid_content":false,"footnotes":"","jetpack_publicize_message":"","jetpack_publicize_feature_enabled":true,"jetpack_social_post_already_shared":false,"jetpack_social_options":{"image_generator_settings":{"template":"highway","default_image_id":0,"font":"","enabled":false},"version":2}},"categories":[11],"tags":[88,89,264],"class_list":["post-722","post","type-post","status-publish","format-standard","hentry","category-san-francisco","tag-cala-foods","tag-riteaid","tag-san-francisco"],"jetpack_publicize_connections":[],"jetpack_featured_media_url":"","jetpack_sharing_enabled":true,"jetpack_shortlink":"https:\/\/wp.me\/p56p0i-bE","_links":{"self":[{"href":"https:\/\/www.austinat.de\/blog\/wp-json\/wp\/v2\/posts\/722","targetHints":{"allow":["GET"]}}],"collection":[{"href":"https:\/\/www.austinat.de\/blog\/wp-json\/wp\/v2\/posts"}],"about":[{"href":"https:\/\/www.austinat.de\/blog\/wp-json\/wp\/v2\/types\/post"}],"author":[{"embeddable":true,"href":"https:\/\/www.austinat.de\/blog\/wp-json\/wp\/v2\/users\/1"}],"replies":[{"embeddable":true,"href":"https:\/\/www.austinat.de\/blog\/wp-json\/wp\/v2\/comments?post=722"}],"version-history":[{"count":4,"href":"https:\/\/www.austinat.de\/blog\/wp-json\/wp\/v2\/posts\/722\/revisions"}],"predecessor-version":[{"id":726,"href":"https:\/\/www.austinat.de\/blog\/wp-json\/wp\/v2\/posts\/722\/revisions\/726"}],"wp:attachment":[{"href":"https:\/\/www.austinat.de\/blog\/wp-json\/wp\/v2\/media?parent=722"}],"wp:term":[{"taxonomy":"category","embeddable":true,"href":"https:\/\/www.austinat.de\/blog\/wp-json\/wp\/v2\/categories?post=722"},{"taxonomy":"post_tag","embeddable":true,"href":"https:\/\/www.austinat.de\/blog\/wp-json\/wp\/v2\/tags?post=722"}],"curies":[{"name":"wp","href":"https:\/\/api.w.org\/{rel}","templated":true}]}}